{"id":837,"date":"2024-03-18T22:01:51","date_gmt":"2024-03-18T21:01:51","guid":{"rendered":"https:\/\/www.asatru.network\/?p=837"},"modified":"2024-03-18T22:01:51","modified_gmt":"2024-03-18T21:01:51","slug":"herbst-winter-und-fruehling-3","status":"publish","type":"post","link":"https:\/\/www.asatru.network\/?p=837","title":{"rendered":"Herbst, Winter und Fr\u00fchling (3)"},"content":{"rendered":"\n<p>Der Winterzyklus hat einen langen Atem. Doch an einem Punkt liegen Abschied und Wiederkehr, Dankbarkeit und Hoffnung besonders nahe beisammen.<\/p>\n\n\n<div class=\"wp-block-image\">\n<figure class=\"aligncenter size-full is-resized\"><img loading=\"lazy\" decoding=\"async\" width=\"885\" height=\"1000\" src=\"https:\/\/www.asatru.network\/wp-content\/uploads\/2024\/03\/20240107_150902-Kopie.jpg\" alt=\"\" class=\"wp-image-831\" style=\"width:600px\" srcset=\"https:\/\/www.asatru.network\/wp-content\/uploads\/2024\/03\/20240107_150902-Kopie.jpg 885w, https:\/\/www.asatru.network\/wp-content\/uploads\/2024\/03\/20240107_150902-Kopie-266x300.jpg 266w, https:\/\/www.asatru.network\/wp-content\/uploads\/2024\/03\/20240107_150902-Kopie-768x868.jpg 768w\" sizes=\"auto, (max-width: 767px) 89vw, (max-width: 1000px) 54vw, (max-width: 1071px) 543px, 580px\" \/><figcaption class=\"wp-element-caption\">&#8230;zur Wintersonnenwende&#8230;<\/figcaption><\/figure>\n<\/div>\n\n<div class=\"wp-block-image\">\n<figure class=\"aligncenter size-full is-resized\"><img loading=\"lazy\" decoding=\"async\" width=\"690\" height=\"1000\" src=\"https:\/\/www.asatru.network\/wp-content\/uploads\/2024\/03\/20240107_173859-Kopie.jpg\" alt=\"\" class=\"wp-image-836\" style=\"width:600px\" srcset=\"https:\/\/www.asatru.network\/wp-content\/uploads\/2024\/03\/20240107_173859-Kopie.jpg 690w, https:\/\/www.asatru.network\/wp-content\/uploads\/2024\/03\/20240107_173859-Kopie-207x300.jpg 207w\" sizes=\"auto, (max-width: 690px) 100vw, 690px\" \/><figcaption class=\"wp-element-caption\">Denn das junge Licht, durch das im Fr\u00fchjahr Leben und Kraft erwachen, wird in dunkelster Stunde wiedergeboren.<\/figcaption><\/figure>\n<\/div>\n\n\n<h1 class=\"wp-block-heading\">H\u00f6rgr im Frost<\/h1>\n\n\n\n<p>Besonders sch\u00f6n in dieser Jahreszeit ist der Eintritt ins Steinheiligtum, wenn \u00fcber allem ein Frostgewand liegt.<\/p>\n\n\n<div class=\"wp-block-image\">\n<figure class=\"aligncenter size-full is-resized\"><img loading=\"lazy\" decoding=\"async\" width=\"699\" height=\"1000\" src=\"https:\/\/www.asatru.network\/wp-content\/uploads\/2024\/03\/20240112_085735-Kopie.jpg\" alt=\"\" class=\"wp-image-833\" style=\"width:600px\" srcset=\"https:\/\/www.asatru.network\/wp-content\/uploads\/2024\/03\/20240112_085735-Kopie.jpg 699w, https:\/\/www.asatru.network\/wp-content\/uploads\/2024\/03\/20240112_085735-Kopie-210x300.jpg 210w\" sizes=\"auto, (max-width: 699px) 100vw, 699px\" \/><\/figure>\n<\/div>\n\n<div class=\"wp-block-image\">\n<figure class=\"aligncenter size-full is-resized\"><img loading=\"lazy\" decoding=\"async\" width=\"691\" height=\"1000\" src=\"https:\/\/www.asatru.network\/wp-content\/uploads\/2024\/03\/20240112_085748-Kopie.jpg\" alt=\"\" class=\"wp-image-832\" style=\"width:600px\" srcset=\"https:\/\/www.asatru.network\/wp-content\/uploads\/2024\/03\/20240112_085748-Kopie.jpg 691w, https:\/\/www.asatru.network\/wp-content\/uploads\/2024\/03\/20240112_085748-Kopie-207x300.jpg 207w\" sizes=\"auto, (max-width: 691px) 100vw, 691px\" \/><figcaption class=\"wp-element-caption\">Der mit Efeu umrankte Eingang ins Steinheiligtum<\/figcaption><\/figure>\n<\/div>\n\n<div class=\"wp-block-image\">\n<figure class=\"aligncenter size-full is-resized\"><img loading=\"lazy\" decoding=\"async\" width=\"769\" height=\"1000\" src=\"https:\/\/www.asatru.network\/wp-content\/uploads\/2024\/03\/20240112_085821-Kopie.jpg\" alt=\"\" class=\"wp-image-834\" style=\"width:600px\" srcset=\"https:\/\/www.asatru.network\/wp-content\/uploads\/2024\/03\/20240112_085821-Kopie.jpg 769w, https:\/\/www.asatru.network\/wp-content\/uploads\/2024\/03\/20240112_085821-Kopie-231x300.jpg 231w\" sizes=\"auto, (max-width: 767px) 89vw, (max-width: 1000px) 54vw, (max-width: 1071px) 543px, 580px\" \/><figcaption class=\"wp-element-caption\">Wundersch\u00f6ner Anblick des H\u00f6rgr im tiefen Winter<\/figcaption><\/figure>\n<\/div>","protected":false},"excerpt":{"rendered":"<p>Der Winterzyklus hat einen langen Atem. Doch an einem Punkt liegen Abschied und Wiederkehr, Dankbarkeit und Hoffnung besonders nahe beisammen. H\u00f6rgr im Frost Besonders sch\u00f6n in dieser Jahreszeit ist der Eintritt ins Steinheiligtum, wenn \u00fcber allem ein Frostgewand liegt.<\/p>\n","protected":false},"author":1,"featured_media":0,"comment_status":"open","ping_status":"open","sticky":false,"template":"","format":"standard","meta":{"footnotes":""},"categories":[15],"tags":[40,64,27,28,76],"class_list":["post-837","post","type-post","status-publish","format-standard","hentry","category-blog","tag-natur","tag-nerthus","tag-winter","tag-wintersonnenwende","tag-winterzyklus"],"_links":{"self":[{"href":"https:\/\/www.asatru.network\/index.php?rest_route=\/wp\/v2\/posts\/837","targetHints":{"allow":["GET"]}}],"collection":[{"href":"https:\/\/www.asatru.network\/index.php?rest_route=\/wp\/v2\/posts"}],"about":[{"href":"https:\/\/www.asatru.network\/index.php?rest_route=\/wp\/v2\/types\/post"}],"author":[{"embeddable":true,"href":"https:\/\/www.asatru.network\/index.php?rest_route=\/wp\/v2\/users\/1"}],"replies":[{"embeddable":true,"href":"https:\/\/www.asatru.network\/index.php?rest_route=%2Fwp%2Fv2%2Fcomments&post=837"}],"version-history":[{"count":4,"href":"https:\/\/www.asatru.network\/index.php?rest_route=\/wp\/v2\/posts\/837\/revisions"}],"predecessor-version":[{"id":846,"href":"https:\/\/www.asatru.network\/index.php?rest_route=\/wp\/v2\/posts\/837\/revisions\/846"}],"wp:attachment":[{"href":"https:\/\/www.asatru.network\/index.php?rest_route=%2Fwp%2Fv2%2Fmedia&parent=837"}],"wp:term":[{"taxonomy":"category","embeddable":true,"href":"https:\/\/www.asatru.network\/index.php?rest_route=%2Fwp%2Fv2%2Fcategories&post=837"},{"taxonomy":"post_tag","embeddable":true,"href":"https:\/\/www.asatru.network\/index.php?rest_route=%2Fwp%2Fv2%2Ftags&post=837"}],"curies":[{"name":"wp","href":"https:\/\/api.w.org\/{rel}","templated":true}]}}