{"id":1068,"date":"2025-01-19T09:01:43","date_gmt":"2025-01-19T08:01:43","guid":{"rendered":"https:\/\/www.asatru.network\/?p=1068"},"modified":"2025-01-19T09:01:43","modified_gmt":"2025-01-19T08:01:43","slug":"setze-den-keim-fuer-glueck-und-wohlergehen-im-neuen-jahreskreis","status":"publish","type":"post","link":"https:\/\/www.asatru.network\/?p=1068","title":{"rendered":"Setze den Keim f\u00fcr Gl\u00fcck und Wohlergehen im neuen Jahreskreis"},"content":{"rendered":"<div class=\"wp-block-image\">\n<figure class=\"aligncenter size-medium\"><img loading=\"lazy\" decoding=\"async\" width=\"224\" height=\"300\" src=\"https:\/\/www.asatru.network\/wp-content\/uploads\/2024\/03\/20240112_085255_neu-Kopie-224x300.jpg\" alt=\"\" class=\"wp-image-826\" srcset=\"https:\/\/www.asatru.network\/wp-content\/uploads\/2024\/03\/20240112_085255_neu-Kopie-224x300.jpg 224w, https:\/\/www.asatru.network\/wp-content\/uploads\/2024\/03\/20240112_085255_neu-Kopie.jpg 746w\" sizes=\"auto, (max-width: 224px) 100vw, 224px\" \/><\/figure>\n<\/div>\n\n\n<p class=\"has-text-align-center\">Ihr sch\u00f6nen Eisigen im Frostgewand, schont weder Kraut noch Gras!<br>Was ihr ber\u00fchrt mit eis\u2019ger Hand, wandelt ihr in starres Glas.<br>Wege und Wiesen sind zugedeckt, und der Himmel selbst verhangen,<br>Alle Steine sind versteckt, alle Weiten eingegangen.<br>Und Nerthus verharrt auf Wiederkehr.<\/p>\n\n\n\n<p>Nicht ohne Grund nannte man den ersten Monat im Jahreskreis <strong>Hartung<\/strong>, <strong>den Eismond<\/strong> \u2013 die Zeit der K\u00e4lte und des hartgefrorenen Schnees. Doch schaut der Monat Januar (benannt nach Janus, dem doppelgesichtigen Gott des Aus- und Einganges) nach zwei Seiten, n\u00e4mlich vorw\u00e4rts und r\u00fcckw\u00e4rts, also mit einem Gesicht ins neue, mit dem anderen ins alte Jahr.<\/p>\n\n\n<div class=\"wp-block-image\">\n<figure class=\"aligncenter size-full\"><img loading=\"lazy\" decoding=\"async\" width=\"500\" height=\"377\" src=\"https:\/\/www.asatru.network\/wp-content\/uploads\/2023\/01\/jahreskr-schema.png\" alt=\"\" class=\"wp-image-746\" srcset=\"https:\/\/www.asatru.network\/wp-content\/uploads\/2023\/01\/jahreskr-schema.png 500w, https:\/\/www.asatru.network\/wp-content\/uploads\/2023\/01\/jahreskr-schema-300x226.png 300w\" sizes=\"auto, (max-width: 500px) 100vw, 500px\" \/><figcaption class=\"wp-element-caption\">Hellgr\u00fcn der \u00dcbergang in den neuen Jahreskreis<\/figcaption><\/figure>\n<\/div>\n\n\n<p>Und somit verbindet sich mit dem Eintritt in den neuen Jahreskreis auch der dringende Rat zu \u00fcberlegen, was man erreichen m\u00f6chte und wonach man trachtet. \u00dcbrigens ein altes und etymologisch sch\u00f6nes Wort = <strong>trachten <\/strong>als \u201e<em>bestrebt sein, beabsichtigen, etwas Bestimmtes zu erreichen, zu erlangen suchen<\/em>\u201c, althochdeutsch <strong>traht\u014dn<\/strong>, alts\u00e4chsisch <strong>gitrahton<\/strong> als \u201e<em>betrachten, nach etwas streben<\/em>\u201c altenglisch <strong>trahtian<\/strong> \u201e<em>erkl\u00e4ren, er\u00f6rtern, betrachten<\/em>\u201c und entlehnt aus lateinisch tract\u0101re \u201e<em>behandeln, betreiben, sich mit etwas besch\u00e4ftigen<\/em>\u201c. \u00a0Kurzum welche Ziele man sich pers\u00f6nlich vornimmt, um den <strong>Keim f\u00fcr Gl\u00fcck und Wohlergehen<\/strong> zu setzen.<\/p>\n\n\n\n<h2 class=\"wp-block-heading\"><strong>Heil und Wohlergehen im neuen Jahreskreis<\/strong><\/h2>\n\n\n\n<p>Denn so ist der altnordische Ausdruck \u201e<strong>til \u00e1rs ok fri\u00f0ar &#8211; heill \u00ed n\u00fdju \u00e1ri<\/strong>\u201c zu erkl\u00e4ren, der w\u00f6rtlich \u00fcbersetzt \u201ef\u00fcr Jahr und Frieden &#8211; Gl\u00fcck im neuen Jahr\u201c bedeutet und als traditioneller heidnischer Segenswunsch verwendet wurde, um ein gutes und heilvolles neues Jahr und Frieden f\u00fcr die kommende Zeit zu w\u00fcnschen.<\/p>\n\n\n\n<ul class=\"wp-block-list\">\n<li><strong>heill <\/strong>bedeutet Gl\u00fcck, Wohlstand und Gedeihen<\/li>\n\n\n\n<li><strong>\u00e1r <\/strong>bedeutet Jahr und symbolisiert in diesem Zusammenhang ein fruchtbares, gl\u00fcckliches Jahr<\/li>\n\n\n\n<li><strong>fri\u00f0ar <\/strong>ist der Genitiv von fri\u00f0r , was Frieden bedeutet<\/li>\n<\/ul>\n\n\n\n<p>Der vollst\u00e4ndige Satz l\u00e4sst sich sinngem\u00e4\u00df so interpretieren: M\u00f6ge das neue Jahr fruchtbar, friedlich und heilbringend sein.<\/p>\n\n\n<div class=\"wp-block-image\">\n<figure class=\"aligncenter size-full\"><img loading=\"lazy\" decoding=\"async\" width=\"741\" height=\"1000\" src=\"https:\/\/www.asatru.network\/wp-content\/uploads\/2024\/03\/20231126_092110-Kopie.jpg\" alt=\"Winter 2023\" class=\"wp-image-820\" srcset=\"https:\/\/www.asatru.network\/wp-content\/uploads\/2024\/03\/20231126_092110-Kopie.jpg 741w, https:\/\/www.asatru.network\/wp-content\/uploads\/2024\/03\/20231126_092110-Kopie-222x300.jpg 222w\" sizes=\"auto, (max-width: 706px) 89vw, (max-width: 767px) 82vw, 740px\" \/><\/figure>\n<\/div>\n\n\n<h2 class=\"wp-block-heading\"><strong>Disen und Alfen in der nordischen Mythologie<\/strong><\/h2>\n\n\n\n<p>Daher passt jetzt auch gut in die Zeit, den vielschichtigen Wesen der Alfen und Disen etwas Aufmerksamkeit zu schenken. Traditionell wurde ihnen speziell an den \u00dcberg\u00e4ngen der Vegetationszeit, also der Zeit zwischen Winter und Fr\u00fchjahr und der Zeit zwischen Herbst und Winter Verehrung entgegengebracht. Wobei die Alfen h\u00e4ufig als die urspr\u00fcnglichen Bewohner\/Besitzer eines Grundst\u00fccks, Hofes, Gartens, Land- oder Waldst\u00fccks angesehen wurden. Und Disen galten als weibliche Schutzgeister und Schicksalswesen. Ihre genaue Funktion und Rolle variieren je nach Quelle, aber sie stehen in enger Verbindung zu Familie, Fruchtbarkeit, Schutz und Schicksal.<br><br><strong>Schutz und Segen<\/strong><br><br>Die Disen gelten als Schutzgeister f\u00fcr Familien und Sippen. Sie wachen \u00fcber ihre Angeh\u00f6rigen und k\u00f6nnen sie vor Gefahr bewahren. Oft werden sie als wohlwollende Geister angesehen, die Gl\u00fcck und Fruchtbarkeit bringen.<br><br><strong>Verbindung zu den Nornen<\/strong><br><br>Die Disen stehen im Austausch mit den Nornen, die das Schicksal der Menschen weben. Ihr Aufgabenbereich \u00fcberschneidet sich vor allem in Bezug auf die Lebensf\u00fchrung und das Schicksal.<br><br><strong>Fruchtbarkeit und Ernte<\/strong><br><br>In einigen \u00dcberlieferungen stehen die Disen mit Fruchtbarkeit und Landwirtschaft in Verbindung, \u00e4hnlich wie andere weibliche Gottheiten wie Freyja oder Frigg.<br><br><strong>Das Disenfest (D\u00edsabl\u00f3t)<\/strong><br><br>Zu Ehren der Disen wurde das D\u00edsabl\u00f3t gefeiert, ein Opferfest, das wie bereits erw\u00e4hnt an den \u00dcberg\u00e4ngen Herbst\/Winter und Winter\/Fr\u00fchjahr abgehalten wurde. Es diente dazu, ihren Schutz zu erbitten und sie um Fruchtbarkeit und Erfolg zu bitten.<br><br><strong>Kriegerische Aspekte<\/strong><br><br>In einigen Texten wird sogar erw\u00e4hnt, dass die Disen auch als Kriegergeister auftreten k\u00f6nnen. Sie \u00e4hneln hierbei den Walk\u00fcren, die ebenfalls \u00fcber Leben und Tod auf dem Schlachtfeld entscheiden.<br><br>Ein altnordischer Segen, der die Disen und Alfen um Schutz, Gesundheit und Wohlstand bittet, lautet:<\/p>\n\n\n\n<p><br>Heill Disir og \u00c1lfr!<br>Veri\u00f0 m\u00e9r og m\u00ednum til varnar og g\u00e6fu.<br>Gefi\u00f0 oss heilsu, au\u00f0n og fri\u00f0.<br>Vaki\u00f0 yfir okkur \u00ed n\u00f3tt sem \u00ed dag,<br>svo a\u00f0 vi\u00f0 lifum \u00ed s\u00e6lu og fri\u00f0i.<br><br>Heil euch Disen und Alfen!<br>Seid mir und den Meinen zum Schutz und Gl\u00fcck.<br>Schenkt uns Gesundheit, Wohlstand und Frieden.<br>Wacht \u00fcber uns bei Nacht und bei Tag,<br>damit wir in Heil und Wohlergehen leben.<\/p>\n\n\n<div class=\"wp-block-image\">\n<figure class=\"aligncenter size-large\"><img loading=\"lazy\" decoding=\"async\" width=\"1024\" height=\"576\" src=\"https:\/\/www.asatru.network\/wp-content\/uploads\/2020\/12\/20201219_142757_klein-1024x576.jpg\" alt=\"\" class=\"wp-image-353\" srcset=\"https:\/\/www.asatru.network\/wp-content\/uploads\/2020\/12\/20201219_142757_klein-1024x576.jpg 1024w, https:\/\/www.asatru.network\/wp-content\/uploads\/2020\/12\/20201219_142757_klein-300x169.jpg 300w, https:\/\/www.asatru.network\/wp-content\/uploads\/2020\/12\/20201219_142757_klein-768x432.jpg 768w, https:\/\/www.asatru.network\/wp-content\/uploads\/2020\/12\/20201219_142757_klein-1536x864.jpg 1536w, https:\/\/www.asatru.network\/wp-content\/uploads\/2020\/12\/20201219_142757_klein.jpg 1920w\" sizes=\"auto, (max-width: 767px) 89vw, (max-width: 1000px) 54vw, (max-width: 1071px) 543px, 580px\" \/><\/figure>\n<\/div>","protected":false},"excerpt":{"rendered":"<p>Ihr sch\u00f6nen Eisigen im Frostgewand, schont weder Kraut noch Gras!Was ihr ber\u00fchrt mit eis\u2019ger Hand, wandelt ihr in starres Glas.Wege und Wiesen sind zugedeckt, und der Himmel selbst verhangen,Alle Steine sind versteckt, alle Weiten eingegangen.Und Nerthus verharrt auf Wiederkehr. Nicht ohne Grund nannte man den ersten Monat im Jahreskreis Hartung, den Eismond \u2013 die Zeit &hellip; <\/p>\n<p class=\"link-more\"><a href=\"https:\/\/www.asatru.network\/?p=1068\" class=\"more-link\"><span class=\"screen-reader-text\">\u201eSetze den Keim f\u00fcr Gl\u00fcck und Wohlergehen im neuen Jahreskreis\u201c <\/span>weiterlesen<\/a><\/p>\n","protected":false},"author":1,"featured_media":0,"comment_status":"open","ping_status":"open","sticky":false,"template":"","format":"standard","meta":{"footnotes":""},"categories":[15],"tags":[54,40,27,76],"class_list":["post-1068","post","type-post","status-publish","format-standard","hentry","category-blog","tag-disen","tag-natur","tag-winter","tag-winterzyklus"],"_links":{"self":[{"href":"https:\/\/www.asatru.network\/index.php?rest_route=\/wp\/v2\/posts\/1068","targetHints":{"allow":["GET"]}}],"collection":[{"href":"https:\/\/www.asatru.network\/index.php?rest_route=\/wp\/v2\/posts"}],"about":[{"href":"https:\/\/www.asatru.network\/index.php?rest_route=\/wp\/v2\/types\/post"}],"author":[{"embeddable":true,"href":"https:\/\/www.asatru.network\/index.php?rest_route=\/wp\/v2\/users\/1"}],"replies":[{"embeddable":true,"href":"https:\/\/www.asatru.network\/index.php?rest_route=%2Fwp%2Fv2%2Fcomments&post=1068"}],"version-history":[{"count":4,"href":"https:\/\/www.asatru.network\/index.php?rest_route=\/wp\/v2\/posts\/1068\/revisions"}],"predecessor-version":[{"id":1072,"href":"https:\/\/www.asatru.network\/index.php?rest_route=\/wp\/v2\/posts\/1068\/revisions\/1072"}],"wp:attachment":[{"href":"https:\/\/www.asatru.network\/index.php?rest_route=%2Fwp%2Fv2%2Fmedia&parent=1068"}],"wp:term":[{"taxonomy":"category","embeddable":true,"href":"https:\/\/www.asatru.network\/index.php?rest_route=%2Fwp%2Fv2%2Fcategories&post=1068"},{"taxonomy":"post_tag","embeddable":true,"href":"https:\/\/www.asatru.network\/index.php?rest_route=%2Fwp%2Fv2%2Ftags&post=1068"}],"curies":[{"name":"wp","href":"https:\/\/api.w.org\/{rel}","templated":true}]}}